{"id":655,"date":"2020-07-06T00:26:21","date_gmt":"2020-07-05T22:26:21","guid":{"rendered":"http:\/\/panphotos.org\/petersblog\/?p=655"},"modified":"2020-07-06T00:31:42","modified_gmt":"2020-07-05T22:31:42","slug":"urteile-am-3-juli-2020-4-x-haft-und-7-x-freispruch","status":"publish","type":"post","link":"https:\/\/panphotos.org\/petersblog\/2020\/07\/06\/urteile-am-3-juli-2020-4-x-haft-und-7-x-freispruch\/","title":{"rendered":"Urteile am 3. Juli 2020 | 4 x Haft und 7 x Freispruch"},"content":{"rendered":"<p>Als ich die Urteile am 3. Juli 2020 fast live aus dem Gerichtssaal per Twitter und Whatsapp las, war ich best\u00fcrzt und w\u00fctend: Freispruch f\u00fcr sieben von uns #Istanbul10, aber Haftstrafen von 6 Jahren und drei Monaten f\u00fcr Taner K\u0131l\u0131\u00e7 sowie ein Jahr und 13 Monate (welche Justizlogik) f\u00fcr Id\u0131l Eser, G\u00fcnal Kursun und \u00d6zlem Dalkiran. Freude \u00fcber meinen eigenen Freispruch kam nicht auf und mag bis heute nicht aufkommen. Aber mit zwei N\u00e4chten Schlaf und viel Zeit an der frischen Luft, stellt sich bei mir zumindest Erleichterung ein, dass wir f\u00fcr sieben von uns #Istanbul 10 und Taner K\u0131l\u0131\u00e7 nicht mehr k\u00e4mpfen brauchen.<\/p>\n<p>Und eine gro\u00dfe Dankbarkeit w\u00e4chst weiter in mir: F\u00fcr alle Solidarit\u00e4tsaktionen und -gebete, f\u00fcr all die kleinen und gro\u00dfen Unterst\u00fctzungen, die offenen T\u00fcren und Herzen, f\u00fcr die gemeinsame Kraft.<\/p>\n<p>Diese kann jetzt noch st\u00e4rker und anders in Solidarit\u00e4t zu den vier zu Unrecht Verurteilten flie\u00dfen.<\/p>\n<p>Dabei ist mir die aktuelle Kampagne \u201eWas hat Osman Kavala getan?\u201c (What did Kavala do?) eine gro\u00dfe Inspiration, in der wir mit kurzen Videospots deutlich machen, wer Osman Kavala ist \u2013 und damit, wie unsinnig seine erneute Verhaftung und Beschuldigung ist \u2013, und unsere Solidarit\u00e4t \u00f6ffentlich und kreativ ausdr\u00fccken k\u00f6nnen (<a href=\"https:\/\/artistsunitedforosmankavala.com\/\">https:\/\/artistsunitedforosmankavala.com\/<\/a> und auf Instagram: @whatdidkavalado). Osman Kavala, der inzwischen fast 1000 Tage in Haft sitzt, hat mehrfach betont, wie doll ihn die Kampage st\u00e4rkt und st\u00fctzt.<\/p>\n<p>Auch wenn Taner, Id\u0131l, G\u00fcnal und \u00d6zlem bislang zum Gl\u00fcck die Haftstrafe nicht antreten m\u00fcssen \u2013 und hoffentlich bleibt das auch weiterhin so \u2013, werden wir in den kommenden Wochen verschiedene Strategien festlegen, wie die Hafturteile mit juristischen aber auch \u00f6ffentlichkeitswirksamen Wegen solidarisch verhindert werden k\u00f6nnen.<\/p>\n<p><a href=\"http:\/\/panphotos.org\/petersblog\/wp-content\/uploads\/2020\/07\/20200703_T\u00fcrkei_B\u00fcy\u00fckada_Prozess_Verurteilungen_fin.pdf\" target=\"_blank\" rel=\"noopener noreferrer\">Hier findet Ihr die gemeinsame Presseerkl\u00e4rung von Amnesty International und mir.<\/a><\/p>\n\n\n<div id=\"gslideshow\" class=\"gss-container no-captions\">\n\t<div class=\"cycle-slideshow\" \n\t\tdata-cycle-slides=\"> a\"\n\t\tdata-cycle-paused=\"true\"\n\t\tdata-cycle-prev=\"#gslideshow_prev\"\n\t\tdata-cycle-next=\"#gslideshow_next\"\n\t\tdata-cycle-pager=\"#gslideshow_pager\"\n\t\tdata-cycle-pager-template=\"<a href=#>&nbsp;<\/a>\"\n\t\tdata-cycle-speed=\"750\"\n\t\t>\n\t\t\t<a href=\"https:\/\/panphotos.org\/petersblog\/wp-content\/uploads\/2020\/07\/IMG_20200703_201727_133.jpg\" data-cycle-caption=\"\"><img src=\"https:\/\/panphotos.org\/petersblog\/wp-content\/uploads\/2020\/07\/IMG_20200703_201727_133.jpg\" title=\"IMG_20200703_201727_133\" alt=\"IMG_20200703_201727_133\" \/><\/a>\n\n\t\t\t<a href=\"https:\/\/panphotos.org\/petersblog\/wp-content\/uploads\/2020\/07\/IMG_20200703_203910_641.jpg\" data-cycle-caption=\"\"><img src=\"https:\/\/panphotos.org\/petersblog\/wp-content\/uploads\/2020\/07\/IMG_20200703_203910_641.jpg\" title=\"IMG_20200703_203910_641\" alt=\"IMG_20200703_203910_641\" \/><\/a>\n\n\t\t\t<a href=\"https:\/\/panphotos.org\/petersblog\/wp-content\/uploads\/2020\/07\/IMG_20200703_203910_628.jpg\" data-cycle-caption=\"\"><img src=\"https:\/\/panphotos.org\/petersblog\/wp-content\/uploads\/2020\/07\/IMG_20200703_203910_628.jpg\" title=\"IMG_20200703_203910_628\" alt=\"IMG_20200703_203910_628\" \/><\/a>\n\n\t\t\t<a href=\"https:\/\/panphotos.org\/petersblog\/wp-content\/uploads\/2020\/07\/IMG_20200703_203910_626.jpg\" data-cycle-caption=\"\"><img src=\"https:\/\/panphotos.org\/petersblog\/wp-content\/uploads\/2020\/07\/IMG_20200703_203910_626.jpg\" title=\"IMG_20200703_203910_626\" alt=\"IMG_20200703_203910_626\" \/><\/a>\n\t<\/div>\n\t<div class=\"gss-info\">\n\t\t<div class=\"gss-nav\"><div id=\"gslideshow_prev\" class=\"gss-prev\">&lt;<\/div><div id=\"gslideshow_play\" class=\"gss-play\">&#9658;<\/div><div id=\"gslideshow_next\" class=\"gss-next\">&gt;<\/div><\/div>\n\t\t\t<div id=\"gslideshow_pager\" class=\"gss-pager\"><\/div>\n\t<\/div>\n<\/div>\n\n\n","protected":false},"excerpt":{"rendered":"<p>Als ich die Urteile am 3. Juli 2020 fast live aus dem Gerichtssaal per Twitter und Whatsapp las, war ich best\u00fcrzt und w\u00fctend: Freispruch f\u00fcr sieben von uns #Istanbul10, aber Haftstrafen von 6 Jahren und drei Monaten f\u00fcr Taner K\u0131l\u0131\u00e7 sowie ein Jahr und 13 Monate (welche Justizlogik) f\u00fcr Id\u0131l Eser, G\u00fcnal Kursun und \u00d6zlem &hellip; <a href=\"https:\/\/panphotos.org\/petersblog\/2020\/07\/06\/urteile-am-3-juli-2020-4-x-haft-und-7-x-freispruch\/\" class=\"more-link\"><span class=\"screen-reader-text\">Urteile am 3. Juli 2020 | 4 x Haft und 7 x Freispruch<\/span> weiterlesen<\/a><\/p>\n","protected":false},"author":1,"featured_media":656,"comment_status":"open","ping_status":"open","sticky":false,"template":"","format":"standard","meta":[],"categories":[10],"tags":[],"_links":{"self":[{"href":"https:\/\/panphotos.org\/petersblog\/wp-json\/wp\/v2\/posts\/655"}],"collection":[{"href":"https:\/\/panphotos.org\/petersblog\/wp-json\/wp\/v2\/posts"}],"about":[{"href":"https:\/\/panphotos.org\/petersblog\/wp-json\/wp\/v2\/types\/post"}],"author":[{"embeddable":true,"href":"https:\/\/panphotos.org\/petersblog\/wp-json\/wp\/v2\/users\/1"}],"replies":[{"embeddable":true,"href":"https:\/\/panphotos.org\/petersblog\/wp-json\/wp\/v2\/comments?post=655"}],"version-history":[{"count":4,"href":"https:\/\/panphotos.org\/petersblog\/wp-json\/wp\/v2\/posts\/655\/revisions"}],"predecessor-version":[{"id":665,"href":"https:\/\/panphotos.org\/petersblog\/wp-json\/wp\/v2\/posts\/655\/revisions\/665"}],"wp:featuredmedia":[{"embeddable":true,"href":"https:\/\/panphotos.org\/petersblog\/wp-json\/wp\/v2\/media\/656"}],"wp:attachment":[{"href":"https:\/\/panphotos.org\/petersblog\/wp-json\/wp\/v2\/media?parent=655"}],"wp:term":[{"taxonomy":"category","embeddable":true,"href":"https:\/\/panphotos.org\/petersblog\/wp-json\/wp\/v2\/categories?post=655"},{"taxonomy":"post_tag","embeddable":true,"href":"https:\/\/panphotos.org\/petersblog\/wp-json\/wp\/v2\/tags?post=655"}],"curies":[{"name":"wp","href":"https:\/\/api.w.org\/{rel}","templated":true}]}}