{"id":619,"date":"2020-02-22T00:40:39","date_gmt":"2020-02-21T23:40:39","guid":{"rendered":"http:\/\/panphotos.org\/petersblog\/?p=619"},"modified":"2020-02-22T00:40:39","modified_gmt":"2020-02-21T23:40:39","slug":"19-februar-2019-gericht-vertagt-fortfuehrung-des-verfahrens-auf-den-3-april-2020","status":"publish","type":"post","link":"https:\/\/panphotos.org\/petersblog\/2020\/02\/22\/19-februar-2019-gericht-vertagt-fortfuehrung-des-verfahrens-auf-den-3-april-2020\/","title":{"rendered":"19. Februar 2019: Gericht vertagt Fortf\u00fchrung des Verfahrens auf den 3. April 2020"},"content":{"rendered":"<p>Alle erwarteten Urteilsspr\u00fcche an diesem Tag. Nach knapp sieben Stunden Verteidigungsreden von uns #Istanbul10 und einem Teil unserer Anw\u00e4lt*innen entschied das Gericht jedoch, p\u00fcnktlich Schluss zu machen und vertagte die Sitzung auf den 3. April. Immerhin noch dieses Jahr. Inwieweit dies mit den Ereignissen des Vortages zu tun hat, ist Ansichtssache.<\/p>\n<p>Am 18.2. waren Osman Kavala und andere im sogenannten Gezi-Prozess freigesprochen worden. Osman Kavala war der einzige der Gruppe, der noch inhaftiert war und sollte dementsprechend freigelassen werden. Leider wurde jedoch sofort ein neuer Haftbefehl gegen ihn aus einem anderen, ebenso unbegr\u00fcndeten Anklagefall heraus erlassen. So warteten seine Familie und Unterst\u00fctzer*innen vergeblich auf ihn vor dem Gef\u00e4ngnis. Nach einer Nacht im Polizeigewahrsam wurde er mit dem neuen Haftbefehl wieder nach Silivri verbracht: Psychische Folter. Hinzu kommt, dass umgehend gegen die Richter*innen ein Ermittlungsverfahren eingeleitet wurde; der lange Arm der Politik hinein in die Justiz.<\/p>\n<p>Die Verteidigungsreden, die von den anwesenden #Istanbul10 vorgebracht wurden, waren sehr stark und beeindruckend. Hier ein paar Zitate:<\/p>\n<p>Ilknur \u00dcst\u00fcn:<\/p>\n<blockquote><p>&#8222;No progress can be achieved without the work of human rights defenders. Defending human rights cannot be criminalised. Not here and not anywhere in the world. The prosecutor&#8217;s request for my acquittal is correct. We are all in the same position, we must be all acquitted.&#8220; (&#8222;Ohne Menschenrechtsverteidiger*innen ist kein Fortschritt zu erreichen. Menschenrechte zu verteidigen kann nicht kriminalisiert werden. Nicht hier und nirgendwo auf der Welt. Das Verlangen des Staasanwaltes nach meinem Freispruch ist richtig. Wir sind alle in der gleichen Position, wir m\u00fcssen alle freigesprochen werden.&#8220;)<\/p><\/blockquote>\n<p>G\u00fcnal Kur\u015fun:<\/p>\n<blockquote><p>Punishment is to bring us into line. I am sorry to say whether I am acquitted or convicted I will continue my work as a human rights defender. I request all of our acquittals. (Bestrafung soll uns auf Linie bringen. Es tut mir leid, aber ob ich freigesprochen oder verurteilt werde, ich werde meine Arbeit als Menschenrechtsverteidiger weiter machen. Ich verlange Freispruch f\u00fcr uns alle. )<\/p>\n<p>We are human rights defenders. We don&#8217;t do this for material gratification. We do it to defend people&#8217;s rights. We are honourable people. By attempting to criminalise us, our reputation is being damaged. This is really painful to us. (Wir sind Menschenrechtsverteidiger*innen. Wir machen das nicht f\u00fcr materielle Bereicherung. Wir tun dies, um die Rechte von Menschen zu verteidigen. Durch den Versuch, uns zu kriminalisieren wird unser Ruf besch\u00e4digt. Das ist wirklich schmerzhaft f\u00fcr uns.)<\/p><\/blockquote>\n<p>Vielen Dank an Milena Buyum von amnesty international f\u00fcr die Twitter\u00fcbersetzungen aus dem Gerichtssaal!<\/p>\n<p>Durch die Vertagung sagte ich mit amnesty international in Berlin unsere angesetzte Pressekonferenz wieder ab und auch die sonstige Medienarbeit er\u00fcbrigte sich. Nun geht es f\u00fcr uns darum, die kommende Zeit bis zum 3. April weiter in diesem Schwebezustand zu verbringen, der extrem Kr\u00e4ftezehrend ist &#8211; insbesondere f\u00fcr die #Istanbul10 in der T\u00fcrkei. Gemeinsam mit unseren Anw\u00e4lt*innen &#8211; die von dieser Verz\u00f6gerung auch genervt sind und neue Kraft aufbringen m\u00fcssen &#8211; bereiten wir uns jetzt auf die kommende Sitzung vor.<\/p>\n<p>Vielen Dank f\u00fcr die viele Solidarit\u00e4t, die uns in so vielf\u00e4ltiger Weise wieder st\u00e4rkte!<\/p>\n","protected":false},"excerpt":{"rendered":"<p>Alle erwarteten Urteilsspr\u00fcche an diesem Tag. Nach knapp sieben Stunden Verteidigungsreden von uns #Istanbul10 und einem Teil unserer Anw\u00e4lt*innen entschied das Gericht jedoch, p\u00fcnktlich Schluss zu machen und vertagte die Sitzung auf den 3. April. Immerhin noch dieses Jahr. Inwieweit dies mit den Ereignissen des Vortages zu tun hat, ist Ansichtssache. Am 18.2. waren Osman &hellip; <a href=\"https:\/\/panphotos.org\/petersblog\/2020\/02\/22\/19-februar-2019-gericht-vertagt-fortfuehrung-des-verfahrens-auf-den-3-april-2020\/\" class=\"more-link\"><span class=\"screen-reader-text\">19. Februar 2019: Gericht vertagt Fortf\u00fchrung des Verfahrens auf den 3. April 2020<\/span> weiterlesen<\/a><\/p>\n","protected":false},"author":1,"featured_media":620,"comment_status":"open","ping_status":"open","sticky":false,"template":"","format":"standard","meta":[],"categories":[10],"tags":[],"_links":{"self":[{"href":"https:\/\/panphotos.org\/petersblog\/wp-json\/wp\/v2\/posts\/619"}],"collection":[{"href":"https:\/\/panphotos.org\/petersblog\/wp-json\/wp\/v2\/posts"}],"about":[{"href":"https:\/\/panphotos.org\/petersblog\/wp-json\/wp\/v2\/types\/post"}],"author":[{"embeddable":true,"href":"https:\/\/panphotos.org\/petersblog\/wp-json\/wp\/v2\/users\/1"}],"replies":[{"embeddable":true,"href":"https:\/\/panphotos.org\/petersblog\/wp-json\/wp\/v2\/comments?post=619"}],"version-history":[{"count":1,"href":"https:\/\/panphotos.org\/petersblog\/wp-json\/wp\/v2\/posts\/619\/revisions"}],"predecessor-version":[{"id":621,"href":"https:\/\/panphotos.org\/petersblog\/wp-json\/wp\/v2\/posts\/619\/revisions\/621"}],"wp:featuredmedia":[{"embeddable":true,"href":"https:\/\/panphotos.org\/petersblog\/wp-json\/wp\/v2\/media\/620"}],"wp:attachment":[{"href":"https:\/\/panphotos.org\/petersblog\/wp-json\/wp\/v2\/media?parent=619"}],"wp:term":[{"taxonomy":"category","embeddable":true,"href":"https:\/\/panphotos.org\/petersblog\/wp-json\/wp\/v2\/categories?post=619"},{"taxonomy":"post_tag","embeddable":true,"href":"https:\/\/panphotos.org\/petersblog\/wp-json\/wp\/v2\/tags?post=619"}],"curies":[{"name":"wp","href":"https:\/\/api.w.org\/{rel}","templated":true}]}}