{"id":403,"date":"2019-01-28T11:06:39","date_gmt":"2019-01-28T10:06:39","guid":{"rendered":"http:\/\/panphotos.org\/petersblog\/?p=403"},"modified":"2019-03-19T00:30:18","modified_gmt":"2019-03-18T23:30:18","slug":"danke-ein-voller-erfolg-26-1-2019-berlin-gethsemanekirche-die-magie-der-solidaritaet-mit-dogan-akhanli-peter-steudtner","status":"publish","type":"post","link":"https:\/\/panphotos.org\/petersblog\/2019\/01\/28\/danke-ein-voller-erfolg-26-1-2019-berlin-gethsemanekirche-die-magie-der-solidaritaet-mit-dogan-akhanli-peter-steudtner\/","title":{"rendered":"DANKE! Ein voller Erfolg: 26.1.2019 &#8211; Berlin, Gethsemanekirche | Die Magie der Solidarit\u00e4t mit Do\u011fan Akhanl\u0131 &#038; Peter Steudtner"},"content":{"rendered":"<p>Ungef\u00e4hr 100 Menschen kamen zu unserer Veranstaltung<\/p>\n<p><strong>Die Magie der Solidarit\u00e4t | <\/strong>Gespr\u00e4ch und Lesung mit Do\u011fan Akhanl\u0131 und Peter Steudtner<\/p>\n<p>vor zwei Tagen in die Gethsemanekirche!<\/p>\n\n\n<div id=\"gslideshow\" class=\"gss-container no-captions\">\n\t<div class=\"cycle-slideshow\" \n\t\tdata-cycle-slides=\"> a\"\n\t\tdata-cycle-paused=\"true\"\n\t\tdata-cycle-prev=\"#gslideshow_prev\"\n\t\tdata-cycle-next=\"#gslideshow_next\"\n\t\tdata-cycle-pager=\"#gslideshow_pager\"\n\t\tdata-cycle-pager-template=\"<a href=#>&nbsp;<\/a>\"\n\t\tdata-cycle-speed=\"750\"\n\t\t>\n\t\t\t<a href=\"https:\/\/panphotos.org\/petersblog\/wp-content\/uploads\/2019\/01\/20190126_2100349.jpg\" data-cycle-caption=\"\"><img src=\"https:\/\/panphotos.org\/petersblog\/wp-content\/uploads\/2019\/01\/20190126_2100349.jpg\" title=\"20190126_2100349\" alt=\"20190126_2100349\" \/><\/a>\n\n\t\t\t<a href=\"https:\/\/panphotos.org\/petersblog\/wp-content\/uploads\/2019\/01\/20190126_2100354.jpg\" data-cycle-caption=\"\"><img src=\"https:\/\/panphotos.org\/petersblog\/wp-content\/uploads\/2019\/01\/20190126_2100354.jpg\" title=\"20190126_2100354\" alt=\"20190126_2100354\" \/><\/a>\n\n\t\t\t<a href=\"https:\/\/panphotos.org\/petersblog\/wp-content\/uploads\/2019\/01\/20190126_2100355.jpg\" data-cycle-caption=\"\"><img src=\"https:\/\/panphotos.org\/petersblog\/wp-content\/uploads\/2019\/01\/20190126_2100355.jpg\" title=\"20190126_2100355\" alt=\"20190126_2100355\" \/><\/a>\n\n\t\t\t<a href=\"https:\/\/panphotos.org\/petersblog\/wp-content\/uploads\/2019\/01\/20190126_2100365.jpg\" data-cycle-caption=\"\"><img src=\"https:\/\/panphotos.org\/petersblog\/wp-content\/uploads\/2019\/01\/20190126_2100365.jpg\" title=\"20190126_2100365\" alt=\"20190126_2100365\" \/><\/a>\n\n\t\t\t<a href=\"https:\/\/panphotos.org\/petersblog\/wp-content\/uploads\/2019\/01\/20190126_2100376.jpg\" data-cycle-caption=\"\"><img src=\"https:\/\/panphotos.org\/petersblog\/wp-content\/uploads\/2019\/01\/20190126_2100376.jpg\" title=\"20190126_2100376\" alt=\"20190126_2100376\" \/><\/a>\n\t<\/div>\n\t<div class=\"gss-info\">\n\t\t<div class=\"gss-nav\"><div id=\"gslideshow_prev\" class=\"gss-prev\">&lt;<\/div><div id=\"gslideshow_play\" class=\"gss-play\">&#9658;<\/div><div id=\"gslideshow_next\" class=\"gss-next\">&gt;<\/div><\/div>\n\t\t\t<div id=\"gslideshow_pager\" class=\"gss-pager\"><\/div>\n\t<\/div>\n<\/div>\n\n\n<p>Auch der RBB berichtete: https:\/\/www.rbb-online.de\/rbb24\/archiv\/20190126_2150\/steudtner.html. Leider erw\u00e4hnten sie weder Do\u011fan Akhanl\u0131 und Dilan G\u00f6rs noch unsere Solidarit\u00e4tsaktion f\u00fcr Ad\u0131l Demir\u00e7i und Hozan \u0108ane.<\/p>\n<p>Und hier noch eine Bitte: Ad\u0131l und Hozan freuen sich \u00fcber alle Post, die sie bekommen &#8211; und auch \u00fcber die, die sie nicht bekommen, die aber den Beh\u00f6rden in der T\u00fcrkei klar machen, dass sie bekannt sind und nicht vergessen!<\/p>\n<p>Briefe an Hozan (das ist ihr K\u00fcnstlerinnenname, ihr formaler Name ist SA\u0130DE \u0130NA\u00c7):<\/p>\n<p style=\"padding-left: 30px;\">SA\u0130DE \u0130NA\u00c7<br \/>\nBAKIRK\u00d6Y KADIN KAPALI CEZAEV\u0130 \u0130NFAZ KURUMU<br \/>\nC-9 Ko\u011fu\u015fu<br \/>\nZuhuratbaba Mah. Dr. Tevfik Sa\u011flam Cad. Lepra Hastanesi Yan\u0131 No:28<br \/>\nBak\u0131rk\u00f6y\/\u0130stanbul \/ T\u00fcrkei<\/p>\n<p>Briefe an Ad\u0131l:<\/p>\n<p style=\"padding-left: 30px;\"><del>Ad\u0131l Demir\u00e7i<\/del><br \/>\n<del>Silivri 9 Nolu F tipi Kapal\u0131 Ceza \u0130nfaz Kurumu<\/del><br \/>\n<del>Semizkumlar Mahallesi \u00c7anta Caddesi<\/del><br \/>\n<del>34570 Silivri<\/del><br \/>\n<del>\u0130stanbul \/ T\u00fcrkei<\/del><\/p>\n<p>UPDATE ZU ADIL: Er wurde inzwischen aus der Haft freigelassen, darf aber Istanbul nicht verlassen. <a href=\"https:\/\/www.facebook.com\/freeadildemirci\/\" target=\"_blank\" rel=\"noopener noreferrer\">Bitte setzt Euch mit seinem Freundeskreis f\u00fcr die Beendigung seiner Justizkontrolle ein!<\/a><\/p>\n<p>Vielen Dank an Do\u011fan Akhanl\u0131 und Dilan G\u00f6rs sowie an die Gruppe &#8222;Freiheit Jetzt!&#8220;!<\/p>\n<p>Und hier findet Ihr die Tonaufnahme der Veranstaltung als Video-Datei bei Vimeo:<br \/>\n<iframe loading=\"lazy\" src=\"https:\/\/player.vimeo.com\/video\/313870729\" width=\"640\" height=\"360\" frameborder=\"0\" allowfullscreen=\"allowfullscreen\"><\/iframe><\/p>\n<p>In Solidarit\u00e4t,<br \/>\nEuer peter<\/p>\n","protected":false},"excerpt":{"rendered":"<p>Ungef\u00e4hr 100 Menschen kamen zu unserer Veranstaltung Die Magie der Solidarit\u00e4t | Gespr\u00e4ch und Lesung mit Do\u011fan Akhanl\u0131 und Peter Steudtner vor zwei Tagen in die Gethsemanekirche! Auch der RBB berichtete: https:\/\/www.rbb-online.de\/rbb24\/archiv\/20190126_2150\/steudtner.html. Leider erw\u00e4hnten sie weder Do\u011fan Akhanl\u0131 und Dilan G\u00f6rs noch unsere Solidarit\u00e4tsaktion f\u00fcr Ad\u0131l Demir\u00e7i und Hozan \u0108ane. Und hier noch eine Bitte: &hellip; <a href=\"https:\/\/panphotos.org\/petersblog\/2019\/01\/28\/danke-ein-voller-erfolg-26-1-2019-berlin-gethsemanekirche-die-magie-der-solidaritaet-mit-dogan-akhanli-peter-steudtner\/\" class=\"more-link\"><span class=\"screen-reader-text\">DANKE! Ein voller Erfolg: 26.1.2019 &#8211; Berlin, Gethsemanekirche | Die Magie der Solidarit\u00e4t mit Do\u011fan Akhanl\u0131 &#038; Peter Steudtner<\/span> weiterlesen<\/a><\/p>\n","protected":false},"author":1,"featured_media":405,"comment_status":"open","ping_status":"open","sticky":false,"template":"","format":"standard","meta":[],"categories":[12,4],"tags":[],"_links":{"self":[{"href":"https:\/\/panphotos.org\/petersblog\/wp-json\/wp\/v2\/posts\/403"}],"collection":[{"href":"https:\/\/panphotos.org\/petersblog\/wp-json\/wp\/v2\/posts"}],"about":[{"href":"https:\/\/panphotos.org\/petersblog\/wp-json\/wp\/v2\/types\/post"}],"author":[{"embeddable":true,"href":"https:\/\/panphotos.org\/petersblog\/wp-json\/wp\/v2\/users\/1"}],"replies":[{"embeddable":true,"href":"https:\/\/panphotos.org\/petersblog\/wp-json\/wp\/v2\/comments?post=403"}],"version-history":[{"count":5,"href":"https:\/\/panphotos.org\/petersblog\/wp-json\/wp\/v2\/posts\/403\/revisions"}],"predecessor-version":[{"id":459,"href":"https:\/\/panphotos.org\/petersblog\/wp-json\/wp\/v2\/posts\/403\/revisions\/459"}],"wp:featuredmedia":[{"embeddable":true,"href":"https:\/\/panphotos.org\/petersblog\/wp-json\/wp\/v2\/media\/405"}],"wp:attachment":[{"href":"https:\/\/panphotos.org\/petersblog\/wp-json\/wp\/v2\/media?parent=403"}],"wp:term":[{"taxonomy":"category","embeddable":true,"href":"https:\/\/panphotos.org\/petersblog\/wp-json\/wp\/v2\/categories?post=403"},{"taxonomy":"post_tag","embeddable":true,"href":"https:\/\/panphotos.org\/petersblog\/wp-json\/wp\/v2\/tags?post=403"}],"curies":[{"name":"wp","href":"https:\/\/api.w.org\/{rel}","templated":true}]}}